{"id":1022,"date":"2019-03-14T08:13:15","date_gmt":"2019-03-14T08:13:15","guid":{"rendered":"http:\/\/bjgiurgiu.ro\/site\/?p=1022"},"modified":"2019-03-14T08:13:15","modified_gmt":"2019-03-14T08:13:15","slug":"la-multi-ani-ion-gaghii","status":"publish","type":"post","link":"https:\/\/bjgiurgiu.ro\/site\/index.php\/2019\/03\/14\/la-multi-ani-ion-gaghii\/","title":{"rendered":"LA MULTI ANI Ion Gaghii!"},"content":{"rendered":"<p style=\"text-align: center;\"><a href=\"http:\/\/bjgiurgiu.ro\/site\/wp-content\/uploads\/2019\/03\/poza-Ion-Gaghii-2008.jpg\"><img loading=\"lazy\" decoding=\"async\" class=\"alignnone wp-image-1023 size-medium\" src=\"http:\/\/bjgiurgiu.ro\/site\/wp-content\/uploads\/2019\/03\/poza-Ion-Gaghii-2008-214x300.jpg\" alt=\"\" width=\"214\" height=\"300\" srcset=\"https:\/\/bjgiurgiu.ro\/site\/wp-content\/uploads\/2019\/03\/poza-Ion-Gaghii-2008-214x300.jpg 214w, https:\/\/bjgiurgiu.ro\/site\/wp-content\/uploads\/2019\/03\/poza-Ion-Gaghii-2008-768x1079.jpg 768w, https:\/\/bjgiurgiu.ro\/site\/wp-content\/uploads\/2019\/03\/poza-Ion-Gaghii-2008-729x1024.jpg 729w, https:\/\/bjgiurgiu.ro\/site\/wp-content\/uploads\/2019\/03\/poza-Ion-Gaghii-2008-624x877.jpg 624w, https:\/\/bjgiurgiu.ro\/site\/wp-content\/uploads\/2019\/03\/poza-Ion-Gaghii-2008.jpg 1487w\" sizes=\"auto, (max-width: 214px) 100vw, 214px\" \/><\/a><\/p>\n<p>&nbsp;<\/p>\n<p><strong>Ion Gaghii &#8211; un om \u00eentre oameni, cu calit\u0103\u0163i \u015fi defecte, care a \u015ftiut s\u0103 lase amintiri frumoase pe unde a trecut.<\/strong><\/p>\n<p><strong>Ion Gaghii &#8211; prieten, coleg, tat\u0103 \u015fi bunic, ce are parte ast\u0103zi de o zi \u015fi s\u0103rb\u0103toare special\u0103.<\/strong><\/p>\n<p><strong>Fie ca visele \u015fi dorin\u0163ele Dumneavoastr\u0103 s\u0103 devin\u0103 realitate \u00een acest an!<\/strong><\/p>\n<p style=\"text-align: center;\"><strong>\u00a0\u00a0\u00a0\u00a0\u00a0\u00a0\u00a0\u00a0 LA MULTI ANI ! <\/strong><\/p>\n<p><strong>COLECTIVUL BIBLIOTECII JUDE\u0162ENE\u201dI.A BASSARABESCU\u201d GIURGIU<\/strong><\/p>\n<p>&nbsp;<\/p>\n<p style=\"text-align: center;\"><strong>F\u00c2NT\u00c2NA<\/strong><\/p>\n<p><strong>\u00a0<\/strong><\/p>\n<p style=\"text-align: right;\"><em>Din volumul de poezii \u201eCORN DE INOROG\u201d<\/em><\/p>\n<p><em>\u00a0<\/em><\/p>\n<p><em>F\u00e2nt\u00e2na de la casa p\u0103rinteasc\u0103 <\/em><\/p>\n<p><em>A r\u0103gu\u015fit, strig\u00e2ndu-m\u0103 pe nume,<\/em><\/p>\n<p><em>Ierburi au prins, de mult, s-o n\u0103p\u0103deasc\u0103,<\/em><\/p>\n<p><em>\u00cenl\u0103crim\u00e2nd plecarea mea \u00een lume.<\/em><\/p>\n<p><em>Doar cump\u0103na mai sc\u00e2r\u0163\u00e2ia-n b\u0103taie<\/em><\/p>\n<p><em>De v\u00e2nturi preschimbate-n amintire,<\/em><\/p>\n<p><em>De crengile salc\u00e2milor \u00eendoaie <\/em><\/p>\n<p><em>\u00centre p\u0103m\u00e2nt \u015fi \u00eentre-nchipuire.<\/em><\/p>\n<p><em>Un drum mai lung dec\u00e2t \u00eencape g\u00e2ndul,<\/em><\/p>\n<p><em>\u00cemi cre\u015fte-n t\u0103lpi cu fiecare var\u0103<\/em><\/p>\n<p><em>\u015ei simt cum peste vreme, str\u0103b\u0103t\u00e2ndu-l,<\/em><\/p>\n<p><em>Sub pa\u015fii mei se face, zilnic, sear\u0103.<\/em><\/p>\n<p><em>O lacrim\u0103 sculptam l\u00e2ng\u0103 f\u00e2nt\u00e2n\u0103,<\/em><\/p>\n<p><em>Privindu-ne ca doi iubi\u0163i \u00een gar\u0103,<\/em><\/p>\n<p><em>Eram b\u0103tr\u00e2n, iar ea \u015fi mai b\u0103tr\u00e2n\u0103,<\/em><\/p>\n<p><em>C\u00e2nd m-a cuprins triste\u0163ea-nt\u00e2ia oar\u0103.<\/em><\/p>\n<p><em>Cu ochii mari, priveam \u00een dep\u0103rtare<\/em><\/p>\n<p><em>Cum alerga pe c\u00e2mpul cu narcise<\/em><\/p>\n<p><em>Un b\u0103ietan, s\u0103-mi pun\u0103 la picioare, <\/em><\/p>\n<p><em>Copil\u0103ria mea ce-nc\u0103run\u0163ise! <\/em><\/p>\n<p>&nbsp;<\/p>\n<p>&nbsp;<\/p>\n<div style=\"padding-bottom:20px; padding-top:10px;\" class=\"hupso-share-buttons\"><!-- Hupso Share Buttons - https:\/\/www.hupso.com\/share\/ --><a class=\"hupso_toolbar\" href=\"https:\/\/www.hupso.com\/share\/\"><img decoding=\"async\" src=\"https:\/\/static.hupso.com\/share\/buttons\/lang\/ro\/share-medium.png\" style=\"border:0px; padding-top: 5px; float:left;\" alt=\"Share Button\"\/><\/a><script type=\"text\/javascript\">var hupso_services_t=new Array(\"Facebook\",\"Google Plus\");var hupso_background_t=\"#EAF4FF\";var hupso_border_t=\"#66CCFF\";var hupso_toolbar_size_t=\"medium\";var hupso_image_folder_url = \"\";var hupso_url_t=\"\";var hupso_title_t=\"LA%20MULTI%20ANI%20Ion%20Gaghii%21\";<\/script><script type=\"text\/javascript\" src=\"https:\/\/static.hupso.com\/share\/js\/share_toolbar.js\"><\/script><!-- Hupso Share Buttons --><\/div>","protected":false},"excerpt":{"rendered":"<p>&nbsp; Ion Gaghii &#8211; un om \u00eentre oameni, cu calit\u0103\u0163i \u015fi defecte, care a \u015ftiut s\u0103 lase amintiri frumoase pe unde a trecut. Ion Gaghii &#8211; prieten, coleg, tat\u0103 \u015fi&#8230; <a href=\"https:\/\/bjgiurgiu.ro\/site\/index.php\/2019\/03\/14\/la-multi-ani-ion-gaghii\/\">Read more &raquo;<\/a><\/p>\n<div style=\"padding-bottom:20px; padding-top:10px;\" class=\"hupso-share-buttons\"><!-- Hupso Share Buttons - https:\/\/www.hupso.com\/share\/ --><a class=\"hupso_toolbar\" href=\"https:\/\/www.hupso.com\/share\/\"><img src=\"https:\/\/static.hupso.com\/share\/buttons\/lang\/ro\/share-medium.png\" style=\"border:0px; padding-top: 5px; float:left;\" alt=\"Share Button\"\/><\/a><script type=\"text\/javascript\">var hupso_services_t=new Array(\"Facebook\",\"Google Plus\");var hupso_background_t=\"#EAF4FF\";var hupso_border_t=\"#66CCFF\";var hupso_toolbar_size_t=\"medium\";var hupso_image_folder_url = \"\";var hupso_url_t=\"\";var hupso_title_t=\"LA%20MULTI%20ANI%20Ion%20Gaghii%21\";<\/script><script type=\"text\/javascript\" src=\"https:\/\/static.hupso.com\/share\/js\/share_toolbar.js\"><\/script><!-- Hupso Share Buttons --><\/div>","protected":false},"author":1,"featured_media":1023,"comment_status":"open","ping_status":"open","sticky":false,"template":"","format":"standard","meta":{"footnotes":""},"categories":[10],"tags":[],"class_list":["post-1022","post","type-post","status-publish","format-standard","has-post-thumbnail","hentry","category-10"],"_links":{"self":[{"href":"https:\/\/bjgiurgiu.ro\/site\/index.php\/wp-json\/wp\/v2\/posts\/1022","targetHints":{"allow":["GET"]}}],"collection":[{"href":"https:\/\/bjgiurgiu.ro\/site\/index.php\/wp-json\/wp\/v2\/posts"}],"about":[{"href":"https:\/\/bjgiurgiu.ro\/site\/index.php\/wp-json\/wp\/v2\/types\/post"}],"author":[{"embeddable":true,"href":"https:\/\/bjgiurgiu.ro\/site\/index.php\/wp-json\/wp\/v2\/users\/1"}],"replies":[{"embeddable":true,"href":"https:\/\/bjgiurgiu.ro\/site\/index.php\/wp-json\/wp\/v2\/comments?post=1022"}],"version-history":[{"count":2,"href":"https:\/\/bjgiurgiu.ro\/site\/index.php\/wp-json\/wp\/v2\/posts\/1022\/revisions"}],"predecessor-version":[{"id":1025,"href":"https:\/\/bjgiurgiu.ro\/site\/index.php\/wp-json\/wp\/v2\/posts\/1022\/revisions\/1025"}],"wp:featuredmedia":[{"embeddable":true,"href":"https:\/\/bjgiurgiu.ro\/site\/index.php\/wp-json\/wp\/v2\/media\/1023"}],"wp:attachment":[{"href":"https:\/\/bjgiurgiu.ro\/site\/index.php\/wp-json\/wp\/v2\/media?parent=1022"}],"wp:term":[{"taxonomy":"category","embeddable":true,"href":"https:\/\/bjgiurgiu.ro\/site\/index.php\/wp-json\/wp\/v2\/categories?post=1022"},{"taxonomy":"post_tag","embeddable":true,"href":"https:\/\/bjgiurgiu.ro\/site\/index.php\/wp-json\/wp\/v2\/tags?post=1022"}],"curies":[{"name":"wp","href":"https:\/\/api.w.org\/{rel}","templated":true}]}}