{"id":226,"date":"2015-09-23T11:31:06","date_gmt":"2015-09-23T11:31:06","guid":{"rendered":"http:\/\/bjgiurgiu.ro\/site\/?p=226"},"modified":"2016-04-06T11:31:58","modified_gmt":"2016-04-06T11:31:58","slug":"anuntul-organizarii-salonului-de-toamna-al-cartii","status":"publish","type":"post","link":"https:\/\/bjgiurgiu.ro\/site\/index.php\/2015\/09\/23\/anuntul-organizarii-salonului-de-toamna-al-cartii\/","title":{"rendered":"Anuntul organiz\u0103rii Salonului de toamn\u0103 al c\u0103r\u0163ii"},"content":{"rendered":"<p>BIBLIOTECA JUDE\u0162EAN\u0102 \u201eI. A. BASSARABESCU\u201d ORGANIZEAZ\u0102 VINERI \u201eSALONUL DE TOAMN\u0102 AL C\u0102R\u0162II\u201d. CU ACEAST\u0102 OCAZIE VOR FI LANSATE MAI MULTE VOLUME DAR \u015eI UN NUM\u0102R TRIPLU AL REVISTEI \u201eJURNAL DE LITERATUR\u0102\u201d.<\/p>\n<p><iframe loading=\"lazy\" title=\"TOAMNA SE NUM\u0102R\u0102\u2026 C\u0102R\u0162ILE\" width=\"625\" height=\"469\" src=\"https:\/\/www.youtube.com\/embed\/NgK48Hv7yao?feature=oembed\" frameborder=\"0\" allow=\"accelerometer; autoplay; clipboard-write; encrypted-media; gyroscope; picture-in-picture; web-share\" referrerpolicy=\"strict-origin-when-cross-origin\" allowfullscreen><\/iframe><\/p>\n<div style=\"padding-bottom:20px; padding-top:10px;\" class=\"hupso-share-buttons\"><!-- Hupso Share Buttons - https:\/\/www.hupso.com\/share\/ --><a class=\"hupso_toolbar\" href=\"https:\/\/www.hupso.com\/share\/\"><img decoding=\"async\" src=\"https:\/\/static.hupso.com\/share\/buttons\/lang\/ro\/share-medium.png\" style=\"border:0px; padding-top: 5px; float:left;\" alt=\"Share Button\"\/><\/a><script type=\"text\/javascript\">var hupso_services_t=new Array(\"Facebook\",\"Google Plus\");var hupso_background_t=\"#EAF4FF\";var hupso_border_t=\"#66CCFF\";var hupso_toolbar_size_t=\"medium\";var hupso_image_folder_url = \"\";var hupso_url_t=\"\";var hupso_title_t=\"Anuntul%20organiz%C4%83rii%20Salonului%20de%20toamn%C4%83%20al%20c%C4%83r%C5%A3ii\";<\/script><script type=\"text\/javascript\" src=\"https:\/\/static.hupso.com\/share\/js\/share_toolbar.js\"><\/script><!-- Hupso Share Buttons --><\/div>","protected":false},"excerpt":{"rendered":"<p>BIBLIOTECA JUDE\u0162EAN\u0102 \u201eI. A. BASSARABESCU\u201d ORGANIZEAZ\u0102 VINERI \u201eSALONUL DE TOAMN\u0102 AL C\u0102R\u0162II\u201d. CU ACEAST\u0102 OCAZIE VOR FI LANSATE MAI MULTE VOLUME DAR \u015eI UN NUM\u0102R TRIPLU AL REVISTEI \u201eJURNAL DE&#8230; <a href=\"https:\/\/bjgiurgiu.ro\/site\/index.php\/2015\/09\/23\/anuntul-organizarii-salonului-de-toamna-al-cartii\/\">Read more &raquo;<\/a><\/p>\n<div style=\"padding-bottom:20px; padding-top:10px;\" class=\"hupso-share-buttons\"><!-- Hupso Share Buttons - https:\/\/www.hupso.com\/share\/ --><a class=\"hupso_toolbar\" href=\"https:\/\/www.hupso.com\/share\/\"><img src=\"https:\/\/static.hupso.com\/share\/buttons\/lang\/ro\/share-medium.png\" style=\"border:0px; padding-top: 5px; float:left;\" alt=\"Share Button\"\/><\/a><script type=\"text\/javascript\">var hupso_services_t=new Array(\"Facebook\",\"Google Plus\");var hupso_background_t=\"#EAF4FF\";var hupso_border_t=\"#66CCFF\";var hupso_toolbar_size_t=\"medium\";var hupso_image_folder_url = \"\";var hupso_url_t=\"\";var hupso_title_t=\"Anuntul%20organiz%C4%83rii%20Salonului%20de%20toamn%C4%83%20al%20c%C4%83r%C5%A3ii\";<\/script><script type=\"text\/javascript\" src=\"https:\/\/static.hupso.com\/share\/js\/share_toolbar.js\"><\/script><!-- Hupso Share Buttons --><\/div>","protected":false},"author":1,"featured_media":0,"comment_status":"open","ping_status":"open","sticky":false,"template":"","format":"standard","meta":{"footnotes":""},"categories":[2],"tags":[],"class_list":["post-226","post","type-post","status-publish","format-standard","hentry","category-anul-2015"],"_links":{"self":[{"href":"https:\/\/bjgiurgiu.ro\/site\/index.php\/wp-json\/wp\/v2\/posts\/226","targetHints":{"allow":["GET"]}}],"collection":[{"href":"https:\/\/bjgiurgiu.ro\/site\/index.php\/wp-json\/wp\/v2\/posts"}],"about":[{"href":"https:\/\/bjgiurgiu.ro\/site\/index.php\/wp-json\/wp\/v2\/types\/post"}],"author":[{"embeddable":true,"href":"https:\/\/bjgiurgiu.ro\/site\/index.php\/wp-json\/wp\/v2\/users\/1"}],"replies":[{"embeddable":true,"href":"https:\/\/bjgiurgiu.ro\/site\/index.php\/wp-json\/wp\/v2\/comments?post=226"}],"version-history":[{"count":1,"href":"https:\/\/bjgiurgiu.ro\/site\/index.php\/wp-json\/wp\/v2\/posts\/226\/revisions"}],"predecessor-version":[{"id":227,"href":"https:\/\/bjgiurgiu.ro\/site\/index.php\/wp-json\/wp\/v2\/posts\/226\/revisions\/227"}],"wp:attachment":[{"href":"https:\/\/bjgiurgiu.ro\/site\/index.php\/wp-json\/wp\/v2\/media?parent=226"}],"wp:term":[{"taxonomy":"category","embeddable":true,"href":"https:\/\/bjgiurgiu.ro\/site\/index.php\/wp-json\/wp\/v2\/categories?post=226"},{"taxonomy":"post_tag","embeddable":true,"href":"https:\/\/bjgiurgiu.ro\/site\/index.php\/wp-json\/wp\/v2\/tags?post=226"}],"curies":[{"name":"wp","href":"https:\/\/api.w.org\/{rel}","templated":true}]}}