{"id":307,"date":"2016-06-04T17:34:47","date_gmt":"2016-06-04T17:34:47","guid":{"rendered":"http:\/\/bjgiurgiu.ro\/site\/?p=307"},"modified":"2016-06-04T17:35:26","modified_gmt":"2016-06-04T17:35:26","slug":"video-lectura-arta-de-a-citi-1-iunie-2016","status":"publish","type":"post","link":"https:\/\/bjgiurgiu.ro\/site\/index.php\/2016\/06\/04\/video-lectura-arta-de-a-citi-1-iunie-2016\/","title":{"rendered":"VIDEO Lectura &#8211; arta de a citi &#8211; 1 iunie 2016"},"content":{"rendered":"<p><a href=\"http:\/\/bjgiurgiu.ro\/site\/wp-content\/uploads\/2016\/06\/13331074_980916238692171_3035649466152262936_n.jpg\"><img loading=\"lazy\" decoding=\"async\" class=\"aligncenter wp-image-308 size-full\" src=\"http:\/\/bjgiurgiu.ro\/site\/wp-content\/uploads\/2016\/06\/13331074_980916238692171_3035649466152262936_n.jpg\" alt=\"13331074_980916238692171_3035649466152262936_n\" width=\"960\" height=\"719\" srcset=\"https:\/\/bjgiurgiu.ro\/site\/wp-content\/uploads\/2016\/06\/13331074_980916238692171_3035649466152262936_n.jpg 960w, https:\/\/bjgiurgiu.ro\/site\/wp-content\/uploads\/2016\/06\/13331074_980916238692171_3035649466152262936_n-300x225.jpg 300w, https:\/\/bjgiurgiu.ro\/site\/wp-content\/uploads\/2016\/06\/13331074_980916238692171_3035649466152262936_n-768x575.jpg 768w, https:\/\/bjgiurgiu.ro\/site\/wp-content\/uploads\/2016\/06\/13331074_980916238692171_3035649466152262936_n-624x467.jpg 624w, https:\/\/bjgiurgiu.ro\/site\/wp-content\/uploads\/2016\/06\/13331074_980916238692171_3035649466152262936_n-240x180.jpg 240w\" sizes=\"auto, (max-width: 960px) 100vw, 960px\" \/><\/a><\/p>\n<p>\u201cLectura \u2013 arta de a citi\u201d este titlul proiectului de parteneriat educa\u0163ional, realizat \u00een anul \u015fcolar 2015\/2016, de elevii claselor a IV-a A, B, C, D, E \u015fi F, ai \u015ecolii Gimnaziale \u201cAcad. Marin Voiculescu\u201d, Giurgiu, \u00een parteneriat cu:<br \/>\nInspectoratul \u015ecolar Jude\u0163ean, Giurgiu,<span class=\"text_exposed_show\"><br \/>\nBiblioteca Jude\u0163ean\u0103 \u201cI.A. Bassarabescu\u201d, Giurgiu<br \/>\nBiblioteca &#8211; CDI-ul \u015fcolii.<br \/>\n\u201cLectura \u2013 arta de a citi\u201d este o continuare a proiectului \u201cCartea \u2013 lumina sufletului\u201d realizat \u00een anul \u015fcolar 2014\/2015, cu aceea\u015fi elevi \u015fi cadre didactice.<\/span><\/p>\n<div class=\"text_exposed_show\">\n<p>COORDONATORI PROIECT:<br \/>\nProf. Inv Primar: Bo\u0163oroag\u0103 Elena<br \/>\nProf. Inv Primar: Vlad Maria<br \/>\nProf. Inv Primar: R\u0103doi B\u0103di\u0163a<br \/>\nProf. Inv Primar: \u0162ogoe Petra<br \/>\nProf. Inv Primar: Furtun\u0103 Popa Cecilia<br \/>\nProf. Inv Primar: Tudorache Amelia<br \/>\nBibliotecar: Petcu Mariea<\/p>\n<p>COLABORATORI:<br \/>\nDirector prof. Batr\u00eenu Ion<br \/>\nDirector adj. \u00eenv. Coporan Mariana<br \/>\nProf. Must\u0103\u0163eanu Alina<br \/>\nProf. Nistor Adriana<br \/>\nFilip Camelia &#8211; reprezentant Biblioteca Jude\u0163ean\u0103 \u201dI.A. Bassarabescu\u201d, Giurgiu<br \/>\nBibl. Str\u00eecn\u0103 Ani<br \/>\nBibl. Mirea Cristina<br \/>\nMitroi Mariana \u2013 reprezentant al Asocia\u0163iei de P\u0103rin\u0163i a \u015ecolii AMV.<\/p>\n<p>SCOPUL PROIECTULUI:<br \/>\nStimularea interesului elevilor pentu lectur\u0103.<br \/>\nDezvoltarea spiritului de observa\u0163ie \u015fi a capacit\u0103\u0163ilor de comunicare .<br \/>\nDezvoltarea capacit\u0103\u0163ilor de explorare \u015fi de<br \/>\ninvestigare a textelor citite.<br \/>\nFormarea tehnicilor de receptare , transmitere<br \/>\n\u015fi creare de mesaje orale \u015fi scrise.<br \/>\nFormarea capacit\u0103\u0163ii de apreciere a valorilor literare \u015fi de utilizare a expresivit\u0103\u0163ii \u00een redarea ideilor proprii.<br \/>\nCultivarea interesului pentru frumosul literar \u2013 artistic \u00een general, pentru literatur\u0103 \u00een special.<\/p>\n<p>OBIECTIVE:<br \/>\nCre\u015fterea calit\u0103\u0163ii actului educativ.<br \/>\n\u00cembun\u0103t\u0103\u0163irea rela\u0163iilor de colaborare, cooperare \u00eentre to\u0163i factorii implica\u0163i \u00een formarea \u015fi dezvoltarea tinerei genera\u0163ii.<br \/>\nManifestarea interesului elevilor pentru explorarea lumii \u00eenconjur\u0103toare.<br \/>\nAplicarea cuno\u015ftin\u0163ele \u00eensu\u015fite la celelalte discipline.<\/p>\n<\/div>\n<p><iframe loading=\"lazy\" title=\"VIDEO Lectura - arta de a citi - 1 iunie 2016\" width=\"625\" height=\"352\" src=\"https:\/\/www.youtube.com\/embed\/h1V_LjrJ3kQ?feature=oembed\" frameborder=\"0\" allow=\"accelerometer; autoplay; clipboard-write; encrypted-media; gyroscope; picture-in-picture; web-share\" referrerpolicy=\"strict-origin-when-cross-origin\" allowfullscreen><\/iframe><\/p>\n<div style=\"padding-bottom:20px; padding-top:10px;\" class=\"hupso-share-buttons\"><!-- Hupso Share Buttons - https:\/\/www.hupso.com\/share\/ --><a class=\"hupso_toolbar\" href=\"https:\/\/www.hupso.com\/share\/\"><img decoding=\"async\" src=\"https:\/\/static.hupso.com\/share\/buttons\/lang\/ro\/share-medium.png\" style=\"border:0px; padding-top: 5px; float:left;\" alt=\"Share Button\"\/><\/a><script type=\"text\/javascript\">var hupso_services_t=new Array(\"Facebook\",\"Google Plus\");var hupso_background_t=\"#EAF4FF\";var hupso_border_t=\"#66CCFF\";var hupso_toolbar_size_t=\"medium\";var hupso_image_folder_url = \"\";var hupso_url_t=\"\";var hupso_title_t=\"VIDEO%20Lectura%20-%20arta%20de%20a%20citi%20-%201%20iunie%202016\";<\/script><script type=\"text\/javascript\" src=\"https:\/\/static.hupso.com\/share\/js\/share_toolbar.js\"><\/script><!-- Hupso Share Buttons --><\/div>","protected":false},"excerpt":{"rendered":"<p>\u201cLectura \u2013 arta de a citi\u201d este titlul proiectului de parteneriat educa\u0163ional, realizat \u00een anul \u015fcolar 2015\/2016, de elevii claselor a IV-a A, B, C, D, E \u015fi F, ai&#8230; <a href=\"https:\/\/bjgiurgiu.ro\/site\/index.php\/2016\/06\/04\/video-lectura-arta-de-a-citi-1-iunie-2016\/\">Read more &raquo;<\/a><\/p>\n<div style=\"padding-bottom:20px; padding-top:10px;\" class=\"hupso-share-buttons\"><!-- Hupso Share Buttons - https:\/\/www.hupso.com\/share\/ --><a class=\"hupso_toolbar\" href=\"https:\/\/www.hupso.com\/share\/\"><img src=\"https:\/\/static.hupso.com\/share\/buttons\/lang\/ro\/share-medium.png\" style=\"border:0px; padding-top: 5px; float:left;\" alt=\"Share Button\"\/><\/a><script type=\"text\/javascript\">var hupso_services_t=new Array(\"Facebook\",\"Google Plus\");var hupso_background_t=\"#EAF4FF\";var hupso_border_t=\"#66CCFF\";var hupso_toolbar_size_t=\"medium\";var hupso_image_folder_url = \"\";var hupso_url_t=\"\";var hupso_title_t=\"VIDEO%20Lectura%20-%20arta%20de%20a%20citi%20-%201%20iunie%202016\";<\/script><script type=\"text\/javascript\" src=\"https:\/\/static.hupso.com\/share\/js\/share_toolbar.js\"><\/script><!-- Hupso Share Buttons --><\/div>","protected":false},"author":1,"featured_media":308,"comment_status":"open","ping_status":"open","sticky":false,"template":"","format":"standard","meta":{"footnotes":""},"categories":[3],"tags":[],"class_list":["post-307","post","type-post","status-publish","format-standard","has-post-thumbnail","hentry","category-anul-2016"],"_links":{"self":[{"href":"https:\/\/bjgiurgiu.ro\/site\/index.php\/wp-json\/wp\/v2\/posts\/307","targetHints":{"allow":["GET"]}}],"collection":[{"href":"https:\/\/bjgiurgiu.ro\/site\/index.php\/wp-json\/wp\/v2\/posts"}],"about":[{"href":"https:\/\/bjgiurgiu.ro\/site\/index.php\/wp-json\/wp\/v2\/types\/post"}],"author":[{"embeddable":true,"href":"https:\/\/bjgiurgiu.ro\/site\/index.php\/wp-json\/wp\/v2\/users\/1"}],"replies":[{"embeddable":true,"href":"https:\/\/bjgiurgiu.ro\/site\/index.php\/wp-json\/wp\/v2\/comments?post=307"}],"version-history":[{"count":1,"href":"https:\/\/bjgiurgiu.ro\/site\/index.php\/wp-json\/wp\/v2\/posts\/307\/revisions"}],"predecessor-version":[{"id":309,"href":"https:\/\/bjgiurgiu.ro\/site\/index.php\/wp-json\/wp\/v2\/posts\/307\/revisions\/309"}],"wp:featuredmedia":[{"embeddable":true,"href":"https:\/\/bjgiurgiu.ro\/site\/index.php\/wp-json\/wp\/v2\/media\/308"}],"wp:attachment":[{"href":"https:\/\/bjgiurgiu.ro\/site\/index.php\/wp-json\/wp\/v2\/media?parent=307"}],"wp:term":[{"taxonomy":"category","embeddable":true,"href":"https:\/\/bjgiurgiu.ro\/site\/index.php\/wp-json\/wp\/v2\/categories?post=307"},{"taxonomy":"post_tag","embeddable":true,"href":"https:\/\/bjgiurgiu.ro\/site\/index.php\/wp-json\/wp\/v2\/tags?post=307"}],"curies":[{"name":"wp","href":"https:\/\/api.w.org\/{rel}","templated":true}]}}