{"id":438,"date":"2017-04-20T18:10:00","date_gmt":"2017-04-20T18:10:00","guid":{"rendered":"http:\/\/bjgiurgiu.ro\/site\/?p=438"},"modified":"2017-04-20T18:10:17","modified_gmt":"2017-04-20T18:10:17","slug":"rostuitoarele-petreceri","status":"publish","type":"post","link":"https:\/\/bjgiurgiu.ro\/site\/index.php\/2017\/04\/20\/rostuitoarele-petreceri\/","title":{"rendered":"Rostuitoarele petreceri"},"content":{"rendered":"<p><a href=\"http:\/\/bjgiurgiu.ro\/site\/wp-content\/uploads\/2016\/03\/Dan-Mucenic.jpg\"><img loading=\"lazy\" decoding=\"async\" class=\"aligncenter wp-image-55 size-full\" src=\"http:\/\/bjgiurgiu.ro\/site\/wp-content\/uploads\/2016\/03\/Dan-Mucenic.jpg\" alt=\"\" width=\"560\" height=\"407\" srcset=\"https:\/\/bjgiurgiu.ro\/site\/wp-content\/uploads\/2016\/03\/Dan-Mucenic.jpg 560w, https:\/\/bjgiurgiu.ro\/site\/wp-content\/uploads\/2016\/03\/Dan-Mucenic-300x218.jpg 300w\" sizes=\"auto, (max-width: 560px) 100vw, 560px\" \/><\/a><\/p>\n<p>Acum, c\u0103 se simt curen\u0163ii toamnei str\u0103b\u0103t\u00e2nd verdele stins al ultimelor frunze care \u00eendr\u0103znesc a rezista, bl\u00e2nde aduceri aminte m\u0103 ispitesc tot mai adesea. De copil mi-a pl\u0103cut s\u0103 citesc \u015fi s\u0103 re\u0163in versuri, a\u015fa c\u0103, adolescent fiind \u015fi atras de cercurile boeme din ora\u015ful meu de provincie, dar mai ales de cele bucure\u015ftene, odat\u0103 cu intrarea la facultate, purtam cu mine, \u00een permanen\u0163\u0103, volume \u00eentregi lipite de memorie.<\/p>\n<p>Devenind profesor \u015fi revenind \u00een Giurgiul meu pr\u0103fos, am avut parte de un grup de apropia\u0163i de elit\u0103, deopotriv\u0103 petrec\u0103re\u0163i \u015fi cultiva\u0163i, mustind de pilde pline de t\u00e2lc, de \u00eent\u00e2mpl\u0103ri din vechimea t\u00e2rgului, cu preo\u0163i iubitori de cai n\u0103r\u0103va\u015fi, cu femei p\u0103tima\u015fe, sacrific\u00e2nd totul pe altarul iubirilor numai de ele decise, cu dasc\u0103li melancolici, str\u00e2ng\u00e2ndu-\u015fi \u00een preajm\u0103 elevii iubi\u0163i, pe care-i preg\u0103teau cu os\u00e2rdie, f\u0103r\u0103 a se g\u00e2ndi la alt\u0103 r\u0103splat\u0103 dec\u00e2t succesul \u00een via\u0163\u0103 al acestora, cu forbali\u015fti de legend\u0103, pl\u0103tind, \u00een serile de dup\u0103 izb\u00e2nzile de pe stadioane, toat\u0103 consuma\u0163ia celor ce veneau s\u0103-i aclame, umpl\u00e2nd saloane de restaurant, cu juc\u0103tori de table f\u0103r\u0103 odihn\u0103, vis\u00e2ndu-se, pentru o clip\u0103 m\u0103car, \u201ecampioni europeni pe teren acoperit\u201d, a\u015fa cum le pl\u0103cea s\u0103 se alinte sau cu b\u0103tr\u00e2ni navigatori ce-\u015fi povesteau la nesf\u00e2r\u015fit p\u0103\u0163aniile, tr\u0103ite de ei ori de al\u0163ii sau aflate de aiurea, de prin c\u0103r\u0163i sau b\u0103smuiri auzite, dac\u0103 nu chiar inventate de ei.<\/p>\n<p>Locul nostru de \u00eent\u00e2lnire, al c\u0103rui nume se p\u0103streaz\u0103 \u015fi azi \u00een amintirea giurgiuvenilor, era \u201eLa Pre\u015ful Ro\u015fu\u201d, acolo unde, \u00een pofida tuturor interdic\u0163iilor, afi\u015fate la loc vizibil pe pere\u0163i \u2013 \u201eC\u00e2ntatul interzis!\u201d \u2013 \u015fi a deselor descinderi ale mili\u0163ienilor, pe care, cu autoritatea noastr\u0103 de profesori, le lini\u015fteam repede zelul, oficia un l\u0103utar vestit al locului, un \u0163igan \u00eenalt, totdeauna impecabil \u00eembr\u0103cat \u00een costum negru, cu c\u0103ma\u015f\u0103 alb\u0103, cravat\u0103 \u015fi pantofi proasp\u0103t lustru\u0163i. \u00cei spuneam cu to\u0163ii Ilie Ur\u00e2tul, ceea ce aveam impresia c\u0103-i sporea farmecul de b\u0103rbat cu lipici la femei \u015fi despre care se zvonea c\u0103 avea \u00een cas\u0103, precum sultanii de alt\u0103dat\u0103, c\u00e2teva femei care \u00eel slujeau \u2013 fiecare dintre ele cu rostul s\u0103u \u2013 \u015fi nu-i refuzau vreodat\u0103 toanele amoroase.<\/p>\n<p>Dup\u0103 cele dint\u00e2i roman\u0163e, dup\u0103 vechi ziceri de inim\u0103 albastr\u0103, dup\u0103 c\u00e2teva cuplete ale lui T\u0103nase, dup\u0103 ni\u015fte obligaotrii t\u00e2nguiri marin\u0103re\u015fti de port \u015fi de torente de iubiri \u00eent\u00e2mpl\u0103toare, dar cu at\u00e2t mai de neuitat, pe la vremea c\u00e2nd setea celor din preajm\u0103 se mai ostoia, Ilie \u00eencepea prin a intona cu aplomb pe versurile lui Vasile Militaru (\u015fi nu doar preacunoascutul \u201eA venit asear\u0103 mama\u201d) \u015fi sf\u00e2r\u015fea, invariabil, cu unele (dar le \u015ftia pe toate) din \u201eC\u00e2ntecele\u201d lui Octavian Goga. Atunci cobora peste \u015fi \u00een noi o lini\u015fte a\u015fa cum cu to\u0163ii a\u015fteptasem, de c\u00e2nd se pornise petrecerea. Sunt convins c\u0103 Ilie se vedea, \u00een clipele acelea, \u00eentruparea de peste vreme a lui Lae Chioru, al c\u0103rui nume \u00eel rostea cu venera\u0163ie, izol\u00e2ndu-l prin pauze melancolice.<\/p>\n<p>Cine n-a petrecut asemenea seri nu \u015ftie ce-i adev\u0103rata boem\u0103. Ne sim\u0163eam purt\u0103tori \u015fi n\u0103sc\u0103tori de dor prin lumea larg\u0103. Ne sim\u0163eam, \u00een naiva noastr\u0103 uitare de sine, cei mai cura\u0163i \u015fi mai buni. Totul se petrecea dup\u0103 un ritual tihnit, izb\u0103vitor.<\/p>\n<p>Zicea c\u00e2teodat\u0103 Ilie Ur\u00e2tu: \u201eAstea-s petrecerile rostuite\u201d, iar eu \u00eei r\u0103spundeam c\u0103 ele sunt mai degrab\u0103 rostuitoare, a\u015fez\u00e2ndu-ne pace \u00een suflet \u015fi c\u0103ldur\u0103 \u00een inimi.<\/p>\n<p>Mi-e dor de asemenea nop\u0163i, pe care primii zori ni le scurtau f\u0103r\u0103 de voia noastr\u0103, dar team\u0103 mi-e c\u0103 ele nu se mai pot afla dec\u00e2t \u00een amintiri precum acestea. Vie\u0163ile \u015fi g\u00e2ndurile noastre, ale tr\u0103itorilor de azi, ce se pretind a fi mai tumultoase, mai pline de energie \u015fi de ac\u0163iune, au trecut \u00een uitare pe Goga \u015fi c\u00e2ntece lui, desp\u0103r\u0163indu-ne pentru totdeauna de Ani\u0163a Cr\u00e2\u015fm\u0103ri\u0163a, de Cr\u00e2\u015fmarul Nicolae, de vecinii lor, de preotul satului, dar mai ales de Lae Chiorul.<\/p>\n<p>\u201eCe-ar mai fi de lumea asta\/ &#8211; Zise-alalt\u0103ieri vecinul \u2013 \/ Ca la nunta de la Cana\/ S-ar g\u0103ti din ap\u0103 vinul?\/ N-ar fi bine, m\u0103i vecine!\/ N-ar fi cr\u00e2\u015fme-atunci deloc,\/ \u015ei cr\u00e2\u015fmarul Nicolae\/ Nu s-ar duce-n iarmaroc&#8230;\/ N-ar mai fi nici Laie Chiorul\/ \u0162ie-l paza Maicii sfinte,\/ Nici Ani\u0163a-Cr\u00e2\u015fm\u0103ri\u0163a.\/ \u015ei ne-am pr\u0103p\u0103di, p\u0103rinte!&#8230;\u201d<\/p>\n<p>De nu cumva om fi \u015fi f\u0103cut-o, f\u0103r\u0103 ca m\u0103car s\u0103 fi prins de \u015ftire.<\/p>\n<p style=\"text-align: right;\"><strong>Dan Alexandru Mucenic<\/strong><\/p>\n<div style=\"padding-bottom:20px; padding-top:10px;\" class=\"hupso-share-buttons\"><!-- Hupso Share Buttons - https:\/\/www.hupso.com\/share\/ --><a class=\"hupso_toolbar\" href=\"https:\/\/www.hupso.com\/share\/\"><img decoding=\"async\" src=\"https:\/\/static.hupso.com\/share\/buttons\/lang\/ro\/share-medium.png\" style=\"border:0px; padding-top: 5px; float:left;\" alt=\"Share Button\"\/><\/a><script type=\"text\/javascript\">var hupso_services_t=new Array(\"Facebook\",\"Google Plus\");var hupso_background_t=\"#EAF4FF\";var hupso_border_t=\"#66CCFF\";var hupso_toolbar_size_t=\"medium\";var hupso_image_folder_url = \"\";var hupso_url_t=\"\";var hupso_title_t=\"Rostuitoarele%20petreceri\";<\/script><script type=\"text\/javascript\" src=\"https:\/\/static.hupso.com\/share\/js\/share_toolbar.js\"><\/script><!-- Hupso Share Buttons --><\/div>","protected":false},"excerpt":{"rendered":"<p>Acum, c\u0103 se simt curen\u0163ii toamnei str\u0103b\u0103t\u00e2nd verdele stins al ultimelor frunze care \u00eendr\u0103znesc a rezista, bl\u00e2nde aduceri aminte m\u0103 ispitesc tot mai adesea. De copil mi-a pl\u0103cut s\u0103 citesc&#8230; <a href=\"https:\/\/bjgiurgiu.ro\/site\/index.php\/2017\/04\/20\/rostuitoarele-petreceri\/\">Read more &raquo;<\/a><\/p>\n<div style=\"padding-bottom:20px; padding-top:10px;\" class=\"hupso-share-buttons\"><!-- Hupso Share Buttons - https:\/\/www.hupso.com\/share\/ --><a class=\"hupso_toolbar\" href=\"https:\/\/www.hupso.com\/share\/\"><img src=\"https:\/\/static.hupso.com\/share\/buttons\/lang\/ro\/share-medium.png\" style=\"border:0px; padding-top: 5px; float:left;\" alt=\"Share Button\"\/><\/a><script type=\"text\/javascript\">var hupso_services_t=new Array(\"Facebook\",\"Google Plus\");var hupso_background_t=\"#EAF4FF\";var hupso_border_t=\"#66CCFF\";var hupso_toolbar_size_t=\"medium\";var hupso_image_folder_url = \"\";var hupso_url_t=\"\";var hupso_title_t=\"Rostuitoarele%20petreceri\";<\/script><script type=\"text\/javascript\" src=\"https:\/\/static.hupso.com\/share\/js\/share_toolbar.js\"><\/script><!-- Hupso Share Buttons --><\/div>","protected":false},"author":1,"featured_media":4,"comment_status":"open","ping_status":"open","sticky":false,"template":"","format":"standard","meta":{"footnotes":""},"categories":[8],"tags":[],"class_list":["post-438","post","type-post","status-publish","format-standard","has-post-thumbnail","hentry","category-8"],"_links":{"self":[{"href":"https:\/\/bjgiurgiu.ro\/site\/index.php\/wp-json\/wp\/v2\/posts\/438","targetHints":{"allow":["GET"]}}],"collection":[{"href":"https:\/\/bjgiurgiu.ro\/site\/index.php\/wp-json\/wp\/v2\/posts"}],"about":[{"href":"https:\/\/bjgiurgiu.ro\/site\/index.php\/wp-json\/wp\/v2\/types\/post"}],"author":[{"embeddable":true,"href":"https:\/\/bjgiurgiu.ro\/site\/index.php\/wp-json\/wp\/v2\/users\/1"}],"replies":[{"embeddable":true,"href":"https:\/\/bjgiurgiu.ro\/site\/index.php\/wp-json\/wp\/v2\/comments?post=438"}],"version-history":[{"count":2,"href":"https:\/\/bjgiurgiu.ro\/site\/index.php\/wp-json\/wp\/v2\/posts\/438\/revisions"}],"predecessor-version":[{"id":440,"href":"https:\/\/bjgiurgiu.ro\/site\/index.php\/wp-json\/wp\/v2\/posts\/438\/revisions\/440"}],"wp:featuredmedia":[{"embeddable":true,"href":"https:\/\/bjgiurgiu.ro\/site\/index.php\/wp-json\/wp\/v2\/media\/4"}],"wp:attachment":[{"href":"https:\/\/bjgiurgiu.ro\/site\/index.php\/wp-json\/wp\/v2\/media?parent=438"}],"wp:term":[{"taxonomy":"category","embeddable":true,"href":"https:\/\/bjgiurgiu.ro\/site\/index.php\/wp-json\/wp\/v2\/categories?post=438"},{"taxonomy":"post_tag","embeddable":true,"href":"https:\/\/bjgiurgiu.ro\/site\/index.php\/wp-json\/wp\/v2\/tags?post=438"}],"curies":[{"name":"wp","href":"https:\/\/api.w.org\/{rel}","templated":true}]}}