{"id":442,"date":"2017-04-24T08:22:36","date_gmt":"2017-04-24T08:22:36","guid":{"rendered":"http:\/\/bjgiurgiu.ro\/site\/?p=442"},"modified":"2017-04-24T08:22:36","modified_gmt":"2017-04-24T08:22:36","slug":"biblioteca-giurgiuveana","status":"publish","type":"post","link":"https:\/\/bjgiurgiu.ro\/site\/index.php\/2017\/04\/24\/biblioteca-giurgiuveana\/","title":{"rendered":"BIBLIOTECA GIURGIUVEAN\u0102"},"content":{"rendered":"<p style=\"text-align: center;\"><strong><em>&#8211; Succesul unei aventuri editoriale, la 3 ani de la apari\u0163ie \u2013<\/em><\/strong><\/p>\n<p>\u00cen prim\u0103vara anului 2014 \u00eencepe poate cea mai frumoas\u0103 aventur\u0103 editorial\u0103\u00a0 a ora\u015fului Giurgiu, colec\u0163ia de c\u0103r\u0163i \u201eBiblioteca giurgiuvean\u0103\u201d, ini\u0163iat\u0103 de omul de litere Dan Mucenic, pe atunci directorul Muzeului Jude\u0163ean \u201eTeohari Antonescu\u201d. Colec\u0163ia \u00ee\u015fi propunea s\u0103 cuprind\u0103 apari\u0163ii editoriale ale unor c\u0103r\u0163i mai vechi, uitate de vreme, dar \u015fi c\u0103r\u0163i inedite ale unor scriitori giurgiuveni de secol XXI.<\/p>\n<p>Ideea demar\u0103rii acestui proiect care dureaz\u0103 \u015fi azi i-a venit ini\u0163iatorului \u00een timp ce lectura o fascinant\u0103 carte interbelic\u0103 \u201e<em>Bohema de alt\u0103dat\u0103<\/em>\u201d a jurnalistului Dimitrie Karnabatt, ap\u0103rut\u0103 la Editura Vremea \u00een anul 1944 \u015fi niciodat\u0103 reeditat\u0103, \u00een pofida informa\u0163iilor pre\u0163ioase \u015fi a scriiturii remarcabile. Motiva\u0163ia jurnalistului Dimitrie Karnabatt de a aduna \u00eentr-un volum amintiri despre marile figuri pe care le-a \u00eent\u00e2lnit \u00een tinere\u0163ea sa, \u00een special despre Ion Luca Caragiale care apare \u00een opt episoade, o putem \u00eentrez\u0103ri \u00een poemul cu care voia s\u0103 deschid\u0103 volumul, \u201e<em>Rata\u0163ii<\/em>\u201d, plin de candoare \u015fi de \u00een\u0163elegere fa\u0163\u0103 de destinul crunt al unor spirite \u00eenalte care au tr\u0103it din plin \u201edrama s\u0103r\u0103ciei, a marginaliz\u0103rii sociale, a bolii, a mor\u0163ii premature chiar dac\u0103 harul nativ \u015fi \u00eenzestrarea artistic\u0103 i-ar fi \u00eendrituit s\u0103 aib\u0103 un alt destin, pe m\u0103sura talentului lor \u015fi a devo\u0163iunii pentru art\u0103\u201d:<\/p>\n<p>&nbsp;<\/p>\n<p>Iubesc ai visului rata\u0163i<\/p>\n<p>Talente mari, necunoscute,<\/p>\n<p>Frumoase voci r\u0103mase mute,<\/p>\n<p>O, tineri zei \u00eenmorm\u00e2nta\u0163i!<\/p>\n<p>&nbsp;<\/p>\n<p>\u00centr-un mod subtil, putem \u00een\u0163elege c\u0103 aceea\u015fi motiva\u0163ie st\u0103 la baza eforturilor lui Dan Mucenic \u015fi a echipei sale, sus\u0163inute financiar de Prim\u0103ria Giurgiu, de a reedita c\u0103r\u0163i ale unor giurgiuveni uita\u0163i ca \u015fi pe cele care aduc informa\u0163ii despre aceste locuri \u00een serii din ce \u00een ce mai bogate \u015fi variate, ajung\u00e2nd p\u00e2n\u0103 la sf\u00e2r\u015fitul anului 2016 la 40 de titluri.<\/p>\n<p style=\"text-align: center;\"><a href=\"http:\/\/bjgiurgiu.ro\/site\/wp-content\/uploads\/2016\/04\/coperta-D-Karnabatt.jpg\"><img loading=\"lazy\" decoding=\"async\" class=\"alignnone wp-image-246 \" src=\"http:\/\/bjgiurgiu.ro\/site\/wp-content\/uploads\/2016\/04\/coperta-D-Karnabatt.jpg\" alt=\"\" width=\"195\" height=\"319\" srcset=\"https:\/\/bjgiurgiu.ro\/site\/wp-content\/uploads\/2016\/04\/coperta-D-Karnabatt.jpg 1393w, https:\/\/bjgiurgiu.ro\/site\/wp-content\/uploads\/2016\/04\/coperta-D-Karnabatt-184x300.jpg 184w, https:\/\/bjgiurgiu.ro\/site\/wp-content\/uploads\/2016\/04\/coperta-D-Karnabatt-768x1253.jpg 768w, https:\/\/bjgiurgiu.ro\/site\/wp-content\/uploads\/2016\/04\/coperta-D-Karnabatt-628x1024.jpg 628w, https:\/\/bjgiurgiu.ro\/site\/wp-content\/uploads\/2016\/04\/coperta-D-Karnabatt-624x1018.jpg 624w\" sizes=\"auto, (max-width: 195px) 100vw, 195px\" \/><\/a><\/p>\n<p>Astfel \u201e<strong><em>Boema de alt\u0103dat\u0103<\/em><\/strong>\u201d de Dimitrie Karnabatt deschide seria \u201eScrieri din trecut\u201d, iar urm\u0103torul autor reeditat este la fel de interesant: Emanoil Bucu\u0163a, cu dou\u0103 titluri \u00eentr-un volum: \u201e<strong><em>Maica Domnului de la mare. Balcic<\/em><\/strong>\u201d. Romanul \u201eMaica Domnului de la mare\u201d surprinde prin modernitate \u015fi captiveaz\u0103 lectorul de azi, a\u015fa cum a f\u0103cut-o \u015fi acum 85 de ani, c\u00e2nd o astfel de scriere a contribuit esen\u0163ial la transformarea acestei mici localit\u0103\u0163i de la malul M\u0103rii Negre \u00eentr-un col\u0163 de Rai al intelighen\u0163iei rom\u00e2ne\u015fti, iar reportajul \u201eBalcic\u201d este dedicat acestui spa\u0163iu mirific, \u00eennobilat de spiritul Reginei Maria, regina re\u00eentregirii neamului, care l-a transformat \u00eentr-o veritabil\u0103 colonie cultural\u0103 a scriitorilor \u015fi pictorilor vremii.<\/p>\n<p>\u00cen perioada estival\u0103 a anului 2014 au ap\u0103rut dou\u0103 c\u0103r\u0163i dedicate sportului rege \u2013 fotbalul \u2013 ale unor personalit\u0103\u0163i legate de Giurgiu, Petre Cristea \u015fi Mircea M. Ionescu, precum \u015fi a unui dasc\u0103l eminent al Liceului \u201eTudor Vianu\u201d, prof. Ion Radu, cu prilejul jubileului de 50 de ani.<\/p>\n<p style=\"text-align: center;\"><a href=\"http:\/\/bjgiurgiu.ro\/site\/wp-content\/uploads\/2017\/04\/LUME-DE-IERI.jpg\"><img loading=\"lazy\" decoding=\"async\" class=\"alignnone wp-image-448\" src=\"http:\/\/bjgiurgiu.ro\/site\/wp-content\/uploads\/2017\/04\/LUME-DE-IERI.jpg\" alt=\"\" width=\"239\" height=\"315\" srcset=\"https:\/\/bjgiurgiu.ro\/site\/wp-content\/uploads\/2017\/04\/LUME-DE-IERI.jpg 564w, https:\/\/bjgiurgiu.ro\/site\/wp-content\/uploads\/2017\/04\/LUME-DE-IERI-227x300.jpg 227w\" sizes=\"auto, (max-width: 239px) 100vw, 239px\" \/><\/a><\/p>\n<p>Urm\u0103toarele volume din seria \u201eScrieri din trecut\u201d, completat\u0103 cu subseria \u201eUniversuri lirice\u201d, readuc \u00een aten\u0163ia lectorului de azi scriitori importan\u0163i ai perioadei interbelice: I.A. Bassarabescu, cu dou\u0103 titluri: \u201e<strong><em>Lume de ieri, amintiri<\/em><\/strong><em> <strong>vesele \u015fi duioase<\/strong><\/em><strong>\u201d<\/strong>, ultima sa carte, o oper\u0103 a unei senectu\u0163i nostalgice \u015fi <strong>Mo\u015f Stan<\/strong>, cartea unei copil\u0103rii fericite \u00een fabulosul ora\u015f de la Dun\u0103re la \u00eenceput de secol XX.<\/p>\n<p style=\"text-align: center;\"><a href=\"http:\/\/bjgiurgiu.ro\/site\/wp-content\/uploads\/2017\/04\/BULGARI-SI-STELE-MARIA.jpg\"><img loading=\"lazy\" decoding=\"async\" class=\"alignnone wp-image-446\" src=\"http:\/\/bjgiurgiu.ro\/site\/wp-content\/uploads\/2017\/04\/BULGARI-SI-STELE-MARIA.jpg\" alt=\"\" width=\"221\" height=\"299\" srcset=\"https:\/\/bjgiurgiu.ro\/site\/wp-content\/uploads\/2017\/04\/BULGARI-SI-STELE-MARIA.jpg 529w, https:\/\/bjgiurgiu.ro\/site\/wp-content\/uploads\/2017\/04\/BULGARI-SI-STELE-MARIA-222x300.jpg 222w\" sizes=\"auto, (max-width: 221px) 100vw, 221px\" \/><\/a><\/p>\n<p>\u00cen subseria \u201eUniversuri lirice\u201d au fost reedita\u0163i trei poe\u0163i cu destine ingrate: Nicolae Crevedia\u00a0 \u201e<strong><em>Bulg\u0103ri de stele. Maria. D\u0103-mi \u00eenapoi gr\u0103dinile<\/em>\u201d<\/strong> \u015fi \u201e<strong><em>Epigrame. Bacalaureatul lui Puiu<\/em>\u201d<\/strong> ; Emil Gulian, poetul disp\u0103rut prematur, cu singura lui oper\u0103 antum\u0103 \u201e<strong><em>Duh de basm. Poemele lui Edgar Poe<\/em>\u201d<\/strong>, o apari\u0163ie preambul la o edi\u0163ie complet\u0103 a operei r\u0103mas\u0103 \u00een manuscris \u015fi ajuns\u0103 \u00een posesia profesorului Emil Talianu \u015fi Vasile Militaru cu volumul \u201e<strong><em>Fabule<\/em>\u201d<\/strong>, poetul mort \u00een condi\u0163ii tragice \u00een \u00eenchisorile comuniste, a c\u0103rui oper\u0103 a fost complet neglijat\u0103 p\u00e2n\u0103 azi.<\/p>\n<p>Seria \u201eScrierilor din trecut\u201d este apoi completat\u0103 cu alte trei titluri: unul \u00een premier\u0103 absolut\u0103: \u201e<strong><em>Libertate \u015fi cultur\u0103<\/em>\u201d<\/strong> de Alexandru Vianu, fratele lui Tudor Vianu, disp\u0103rut la 33 de ani \u015fi alte dou\u0103 romane din perioada interbelic\u0103 din categoria scrierilor destinate marelui public, f\u0103r\u0103 mari inova\u0163ii literare, dar cu referiri generice la spa\u0163iul giurgiuvean: \u201e<strong><em>Noroi<\/em>\u201d<\/strong> de Octav Dessila, a c\u0103rui ac\u0163iune se petrece \u00een zona Comunei C\u0103lug\u0103reni \u015fi \u201e<strong><em>Personalul de Giurgiu<\/em>\u201d<\/strong> de Constantin Coman.<\/p>\n<p style=\"text-align: center;\"><a href=\"http:\/\/bjgiurgiu.ro\/site\/wp-content\/uploads\/2017\/04\/PERSONALUL-DE-GIURGIU.jpg\"><img loading=\"lazy\" decoding=\"async\" class=\"alignnone wp-image-450 \" src=\"http:\/\/bjgiurgiu.ro\/site\/wp-content\/uploads\/2017\/04\/PERSONALUL-DE-GIURGIU.jpg\" alt=\"\" width=\"200\" height=\"287\" srcset=\"https:\/\/bjgiurgiu.ro\/site\/wp-content\/uploads\/2017\/04\/PERSONALUL-DE-GIURGIU.jpg 515w, https:\/\/bjgiurgiu.ro\/site\/wp-content\/uploads\/2017\/04\/PERSONALUL-DE-GIURGIU-209x300.jpg 209w\" sizes=\"auto, (max-width: 200px) 100vw, 200px\" \/><\/a><\/p>\n<p>La acestea se adaug\u0103 o carte excep\u0163ional\u0103, dedicat\u0103 unui domnitor puternic ancorat la valorile europene, \u201e<strong><em>Petru Cercel<\/em>\u201d<\/strong>, surprins, documentar \u015fi artistic, de doi giurgiuveni mai pu\u0163in cunoscu\u0163i Alexandru Cartojan \u015fi Mircea Dem R\u0103dulescu.<\/p>\n<p>Cu \u00eenv\u0103\u0163\u0103torul \u015fi, de acum \u00eenainte, scriitorul Nedea Stancu, se deschide seria \u201eInedit\u201d prin publicarea unei opere r\u0103mas\u0103 \u00een manuscris din pricina cenzurii comuniste, \u201e<strong><em>Fl\u0103c\u0103ri pe Burnaz<\/em>\u201d<\/strong>, acest mare mentor rural devenind un veritabil \u201ecronicar al c\u00e2mpiei\u201d. \u00centr-un arc peste timp, elevul s\u0103u, Ion Dinc\u0103, \u00eempreun\u0103 cu un alt dasc\u0103l, Bilcea Daia, au conceput o carte memorialistic\u0103 \u201e<strong><em>Pe c\u0103r\u0103rile vie\u0163ii\u201d<\/em><\/strong>, cu multiple informa\u0163ii despre \u015fcoala giurgiuvean\u0103. Seria operelor inedite este continuat\u0103 tot cu o carte memorialistic\u0103 \u201e<strong><em>Unde ne sunt vapoarele de alt\u0103dat\u0103?\u201d<\/em><\/strong> de Vasile Cristoi, \u201eun cronicar al valurilor Dun\u0103rii\u201d pe care o cunoa\u015fte gra\u0163ie unei prodigioase cariere de navigator fluvial.<\/p>\n<p style=\"text-align: center;\"><a href=\"http:\/\/bjgiurgiu.ro\/site\/wp-content\/uploads\/2017\/04\/DETALII.jpg\"><img loading=\"lazy\" decoding=\"async\" class=\"alignnone wp-image-447 \" src=\"http:\/\/bjgiurgiu.ro\/site\/wp-content\/uploads\/2017\/04\/DETALII.jpg\" alt=\"\" width=\"213\" height=\"300\" srcset=\"https:\/\/bjgiurgiu.ro\/site\/wp-content\/uploads\/2017\/04\/DETALII.jpg 582w, https:\/\/bjgiurgiu.ro\/site\/wp-content\/uploads\/2017\/04\/DETALII-213x300.jpg 213w\" sizes=\"auto, (max-width: 213px) 100vw, 213px\" \/><\/a><\/p>\n<p>\u00cen aceea\u015fi categorie a memoriilor men\u0163ion\u0103m debutul literar al unei artiste des\u0103v\u00e2r\u015fite a cuv\u00e2ntului \u015fi desenului Mariana Andrei\u00a0 cu volumul \u201e<strong><em>Detalii \u2013 litera \u015fi linia\u201d<\/em><\/strong>, o oper\u0103\u00a0 \u201edespre locuri, timpuri, oameni \u015fi \u00eent\u00e2mpl\u0103ri, care au constituit o parte din structura de rezisten\u0163\u0103 a existen\u0163ei mele\u201d. Pe tot parcursul anilor 2015 \u015fi 2016, colec\u0163ia \u201eBiblioteca giurgiuvean\u0103\u201d a prilejuit \u015fi alte debuturi remarcabile \u00een seria \u201eInedit\u201d \u015fi numai simpla lor enumerare d\u0103 o imens\u0103 valoare bibliografiei giurgiuvene actuale: o superb\u0103 carte pentru copii, semnat\u0103 de reputatul medic Valerian Bo\u0163ocan \u015fi ilustrat\u0103 de Petra \u015eerb\u0103nescu \u2013 T\u0103nase, Roxana Nicolae \u015fi Tudor Filip \u201e<strong><em>Din pove\u015ftile copil\u0103riei mele<\/em><\/strong>\u201do surprinz\u0103toare carte de poeme despre Giurgiu \u015fi personajele sale pitore\u015fti, \u201e<strong><em>Adamaru zice<\/em><\/strong>\u201d de Adrian P\u00e2rvu, scriitor ie\u015fean cu origini giurgiuvene, completat\u0103 cu un reportaj de dragoste de Dan Mucenic ; trei romane \u00een toat\u0103 puterea cuv\u00e2ntului: Doina Georgescu \u201e<strong><em>\u0162\u0103rmul sculptat<\/em><\/strong>\u201d, Marius Radu Eremia \u201e<strong><em>Clepsidra<\/em><\/strong>\u201d \u015fi cel mai modern dintre toate, \u201e<strong><em>\u00cengeri de cear\u0103<\/em><\/strong>\u201d, romanul de debut al poetului Ionel Muscalu; \u201e<strong><em>Teatru<\/em><\/strong>\u201d de Mihai R\u0103boj \u015fi \u201e<strong><em>Poeme<\/em><\/strong>\u201d de Ioan Peia.<\/p>\n<p style=\"text-align: center;\"><a href=\"http:\/\/bjgiurgiu.ro\/site\/wp-content\/uploads\/2016\/08\/coperta-carte.jpg\"><img loading=\"lazy\" decoding=\"async\" class=\"alignnone wp-image-346\" src=\"http:\/\/bjgiurgiu.ro\/site\/wp-content\/uploads\/2016\/08\/coperta-carte.jpg\" alt=\"\" width=\"219\" height=\"327\" srcset=\"https:\/\/bjgiurgiu.ro\/site\/wp-content\/uploads\/2016\/08\/coperta-carte.jpg 1561w, https:\/\/bjgiurgiu.ro\/site\/wp-content\/uploads\/2016\/08\/coperta-carte-201x300.jpg 201w, https:\/\/bjgiurgiu.ro\/site\/wp-content\/uploads\/2016\/08\/coperta-carte-768x1146.jpg 768w, https:\/\/bjgiurgiu.ro\/site\/wp-content\/uploads\/2016\/08\/coperta-carte-686x1024.jpg 686w, https:\/\/bjgiurgiu.ro\/site\/wp-content\/uploads\/2016\/08\/coperta-carte-624x931.jpg 624w\" sizes=\"auto, (max-width: 219px) 100vw, 219px\" \/><\/a><\/p>\n<p>\u00cen fine, doi scriitori prolic\u015fi: Neagu Udroiu \u015fi Tudor R\u0103dan, \u015fi-au ad\u0103ugat la r\u00e2ndul lor, numele prestigioase \u00een bogata colec\u0163ie de carte giurgiuvean\u0103: \u201e<strong><em>Cartojani. Istorii vechi \u015fi noi<\/em><\/strong>\u201d, respectiv: \u201e<strong><em>Parfumul florilor de crin<\/em><\/strong>\u201d, ambele \u00een dou\u0103 volume.<\/p>\n<p>De altfel, toate apari\u0163iile editoriale au fost lansate, \u00een mare parte, la Biblioteca Jude\u0163ean\u0103 Giurgiu, prilej de mare emula\u0163ie cultural\u0103, iar participan\u0163ii la aceste manifest\u0103ri se pot considera ferici\u0163ii posesori ai c\u0103r\u0163ilor colec\u0163iei \u201eBiblioteca giurgiuvean\u0103\u201d, devenind veritabili bibliofili.<\/p>\n<p style=\"text-align: right;\"><strong>CAMELIA FILIP<\/strong><\/p>\n<p>&nbsp;<\/p>\n<p><strong>\u00a0<\/strong><\/p>\n<div style=\"padding-bottom:20px; padding-top:10px;\" class=\"hupso-share-buttons\"><!-- Hupso Share Buttons - https:\/\/www.hupso.com\/share\/ --><a class=\"hupso_toolbar\" href=\"https:\/\/www.hupso.com\/share\/\"><img decoding=\"async\" src=\"https:\/\/static.hupso.com\/share\/buttons\/lang\/ro\/share-medium.png\" style=\"border:0px; padding-top: 5px; float:left;\" alt=\"Share Button\"\/><\/a><script type=\"text\/javascript\">var hupso_services_t=new Array(\"Facebook\",\"Google Plus\");var hupso_background_t=\"#EAF4FF\";var hupso_border_t=\"#66CCFF\";var hupso_toolbar_size_t=\"medium\";var hupso_image_folder_url = \"\";var hupso_url_t=\"\";var hupso_title_t=\"BIBLIOTECA%20GIURGIUVEAN%C4%82\";<\/script><script type=\"text\/javascript\" src=\"https:\/\/static.hupso.com\/share\/js\/share_toolbar.js\"><\/script><!-- Hupso Share Buttons --><\/div>","protected":false},"excerpt":{"rendered":"<p>&#8211; Succesul unei aventuri editoriale, la 3 ani de la apari\u0163ie \u2013 \u00cen prim\u0103vara anului 2014 \u00eencepe poate cea mai frumoas\u0103 aventur\u0103 editorial\u0103\u00a0 a ora\u015fului Giurgiu, colec\u0163ia de c\u0103r\u0163i \u201eBiblioteca&#8230; <a href=\"https:\/\/bjgiurgiu.ro\/site\/index.php\/2017\/04\/24\/biblioteca-giurgiuveana\/\">Read more &raquo;<\/a><\/p>\n<div style=\"padding-bottom:20px; padding-top:10px;\" class=\"hupso-share-buttons\"><!-- Hupso Share Buttons - https:\/\/www.hupso.com\/share\/ --><a class=\"hupso_toolbar\" href=\"https:\/\/www.hupso.com\/share\/\"><img src=\"https:\/\/static.hupso.com\/share\/buttons\/lang\/ro\/share-medium.png\" style=\"border:0px; padding-top: 5px; float:left;\" alt=\"Share Button\"\/><\/a><script type=\"text\/javascript\">var hupso_services_t=new Array(\"Facebook\",\"Google Plus\");var hupso_background_t=\"#EAF4FF\";var hupso_border_t=\"#66CCFF\";var hupso_toolbar_size_t=\"medium\";var hupso_image_folder_url = \"\";var hupso_url_t=\"\";var hupso_title_t=\"BIBLIOTECA%20GIURGIUVEAN%C4%82\";<\/script><script type=\"text\/javascript\" src=\"https:\/\/static.hupso.com\/share\/js\/share_toolbar.js\"><\/script><!-- Hupso Share Buttons --><\/div>","protected":false},"author":1,"featured_media":4,"comment_status":"open","ping_status":"open","sticky":false,"template":"","format":"standard","meta":{"footnotes":""},"categories":[8],"tags":[],"class_list":["post-442","post","type-post","status-publish","format-standard","has-post-thumbnail","hentry","category-8"],"_links":{"self":[{"href":"https:\/\/bjgiurgiu.ro\/site\/index.php\/wp-json\/wp\/v2\/posts\/442","targetHints":{"allow":["GET"]}}],"collection":[{"href":"https:\/\/bjgiurgiu.ro\/site\/index.php\/wp-json\/wp\/v2\/posts"}],"about":[{"href":"https:\/\/bjgiurgiu.ro\/site\/index.php\/wp-json\/wp\/v2\/types\/post"}],"author":[{"embeddable":true,"href":"https:\/\/bjgiurgiu.ro\/site\/index.php\/wp-json\/wp\/v2\/users\/1"}],"replies":[{"embeddable":true,"href":"https:\/\/bjgiurgiu.ro\/site\/index.php\/wp-json\/wp\/v2\/comments?post=442"}],"version-history":[{"count":7,"href":"https:\/\/bjgiurgiu.ro\/site\/index.php\/wp-json\/wp\/v2\/posts\/442\/revisions"}],"predecessor-version":[{"id":453,"href":"https:\/\/bjgiurgiu.ro\/site\/index.php\/wp-json\/wp\/v2\/posts\/442\/revisions\/453"}],"wp:featuredmedia":[{"embeddable":true,"href":"https:\/\/bjgiurgiu.ro\/site\/index.php\/wp-json\/wp\/v2\/media\/4"}],"wp:attachment":[{"href":"https:\/\/bjgiurgiu.ro\/site\/index.php\/wp-json\/wp\/v2\/media?parent=442"}],"wp:term":[{"taxonomy":"category","embeddable":true,"href":"https:\/\/bjgiurgiu.ro\/site\/index.php\/wp-json\/wp\/v2\/categories?post=442"},{"taxonomy":"post_tag","embeddable":true,"href":"https:\/\/bjgiurgiu.ro\/site\/index.php\/wp-json\/wp\/v2\/tags?post=442"}],"curies":[{"name":"wp","href":"https:\/\/api.w.org\/{rel}","templated":true}]}}